{"id":29507,"date":"2025-06-14T21:09:47","date_gmt":"2025-06-14T21:09:47","guid":{"rendered":"https:\/\/zeas.immo\/?p=29507"},"modified":"2025-12-02T11:34:31","modified_gmt":"2025-12-02T11:34:31","slug":"frais-de-location","status":"publish","type":"post","link":"https:\/\/zeas.immo\/fr\/rental-charges-costs\/","title":{"rendered":"Charges locatives et frais annexes au Luxembourg"},"content":{"rendered":"<div id=\"bsf_rt_marker\"><\/div>\n<p>Le march\u00e9 locatif luxembourgeois pr\u00e9sente des d\u00e9fis uniques pour les locataires, notamment lorsqu&#039;il s&#039;agit de comprendre le contexte financier complet de la location d&#039;un bien immobilier.<a rel=\"noreferrer noopener\" target=\"_blank\" href=\"https:\/\/www.athome.lu\/blog\/en\/rent\/tenant\/renting-how-to-prepare-your-application\/\"><\/a><a rel=\"noreferrer noopener\" target=\"_blank\" href=\"https:\/\/www.justarrived.lu\/en\/logement-luxembourg\/louer-logement-contrat-bail\/\"><\/a>Au-del\u00e0 de votre loyer mensuel de base, diverses d\u00e9penses suppl\u00e9mentaires peuvent ajouter 15 \u00e0 251 TP3T \u00e0 vos frais de logement, ce qui rend une connaissance approfondie de ces frais essentielle pour une budg\u00e9tisation efficace et \u00e9viter les surprises financi\u00e8res inattendues.<a rel=\"noreferrer noopener\" target=\"_blank\" href=\"https:\/\/logement.public.lu\/fr\/support\/faq\/faq-bail-loyer\/faq-rental-lease.html\"><\/a><a rel=\"noreferrer noopener\" target=\"_blank\" href=\"https:\/\/www.luxembourgexpats.lu\/stories\/life-and-style\/a-quick-guide-on-renting-housing-in-luxembourg-\"><\/a>.<\/p>\n\n\n\n<h2 class=\"wp-block-heading\" id=\"understanding-your-financial-obligations-as-a-tena\">Comprendre vos obligations financi\u00e8res en tant que locataire<\/h2>\n\n\n\n<p>Au-del\u00e0 de votre loyer de base, vous rencontrerez diverses d\u00e9penses suppl\u00e9mentaires qui font partie de vos co\u00fbts globaux de logement<a rel=\"noreferrer noopener\" target=\"_blank\" href=\"https:\/\/logement.public.lu\/fr\/support\/faq\/faq-bail-loyer\/faq-rental-lease.html\"><\/a>Ces frais suppl\u00e9mentaires sont des frais l\u00e9gitimes que les propri\u00e9taires peuvent r\u00e9percuter sur les locataires, couvrant tous les frais, de l&#039;entretien du b\u00e2timent \u00e0 la consommation de services publics. Le principe fondamental r\u00e9gissant ces frais est que les propri\u00e9taires ne peuvent facturer aux locataires que les d\u00e9penses r\u00e9ellement engag\u00e9es pour leur compte, et doivent fournir les justificatifs appropri\u00e9s.<a rel=\"noreferrer noopener\" target=\"_blank\" href=\"https:\/\/logement.public.lu\/fr\/support\/faq\/faq-bail-loyer\/faq-rental-lease.html\"><\/a>.<\/p>\n\n\n\n<p>Votre propri\u00e9taire a le droit de demander des acomptes pour ces charges de service, qui peuvent \u00eatre ajust\u00e9s pendant la dur\u00e9e de votre bail en fonction de la consommation et des co\u00fbts r\u00e9els.<a rel=\"noreferrer noopener\" target=\"_blank\" href=\"https:\/\/logement.public.lu\/fr\/support\/faq\/faq-bail-loyer\/faq-rental-lease.html\"><\/a>Ce syst\u00e8me garantit que vous payez pour les services que vous utilisez r\u00e9ellement tout en fournissant aux propri\u00e9taires un flux de tr\u00e9sorerie pr\u00e9visible pour les op\u00e9rations de construction.<\/p>\n\n\n\n<h2 class=\"wp-block-heading\"><strong>D\u00e9penses d&#039;\u00e9nergie et de services publics<\/strong><\/h2>\n\n\n\n<p>Une part importante de vos co\u00fbts de logement suppl\u00e9mentaires sera li\u00e9e \u00e0 la consommation d&#039;\u00e9nergie et aux services publics.<a rel=\"noreferrer noopener\" target=\"_blank\" href=\"https:\/\/logement.public.lu\/fr\/support\/faq\/faq-bail-loyer\/faq-rental-lease.html\"><\/a>Ces charges comprennent g\u00e9n\u00e9ralement l&#039;\u00e9lectricit\u00e9 pour les parties communes, l&#039;approvisionnement en eau, le chauffage et parfois le gaz pour la cuisine ou le chauffage. Sous le climat luxembourgeois, les frais de chauffage peuvent repr\u00e9senter une part importante de vos d\u00e9penses hivernales, notamment dans les b\u00e2timents anciens dont l&#039;isolation est moins performante.<\/p>\n\n\n\n<p>Les frais d&#039;eau comprennent \u00e0 la fois l&#039;approvisionnement et le traitement des eaux us\u00e9es, tandis que les co\u00fbts d&#039;\u00e9lectricit\u00e9 couvrent l&#039;\u00e9clairage et l&#039;alimentation des espaces partag\u00e9s comme les halls d&#039;entr\u00e9e, les cages d&#039;escalier et les parkings.<a rel=\"noreferrer noopener\" target=\"_blank\" href=\"https:\/\/logement.public.lu\/fr\/support\/faq\/faq-bail-loyer\/faq-rental-lease.html\"><\/a>Certaines propri\u00e9t\u00e9s peuvent \u00e9galement inclure des frais pour les syst\u00e8mes d&#039;eau chaude ou l&#039;entretien du chauffage central, en fonction de l&#039;infrastructure du b\u00e2timent.<\/p>\n\n\n\n<h2 class=\"wp-block-heading\"><strong>Frais d&#039;entretien des b\u00e2timents et des espaces communs<\/strong><\/h2>\n\n\n\n<p>L&#039;entretien de la propri\u00e9t\u00e9 repr\u00e9sente une autre cat\u00e9gorie de frais de locataire l\u00e9gitimes<a rel=\"noreferrer noopener\" target=\"_blank\" href=\"https:\/\/logement.public.lu\/fr\/support\/faq\/faq-bail-loyer\/faq-rental-lease.html\"><\/a>Ces d\u00e9penses couvrent l&#039;entretien des espaces communs et des syst\u00e8mes du b\u00e2timent, dont b\u00e9n\u00e9ficient tous les r\u00e9sidents. Les frais d&#039;entretien courants comprennent le nettoyage des halls d&#039;entr\u00e9e et des cages d&#039;escalier, l&#039;entretien et la r\u00e9paration des ascenseurs, l&#039;entretien des jardins et des am\u00e9nagements paysagers, ainsi que le d\u00e9neigement en hiver.<a rel=\"noreferrer noopener\" target=\"_blank\" href=\"https:\/\/logement.public.lu\/fr\/support\/faq\/faq-bail-loyer\/faq-rental-lease.html\"><\/a>.<\/p>\n\n\n\n<p>Les syst\u00e8mes de s\u00e9curit\u00e9 des b\u00e2timents, l&#039;entretien des interphones et les r\u00e9parations g\u00e9n\u00e9rales des parties communes entrent \u00e9galement dans cette cat\u00e9gorie. Cependant, il est important de noter que les r\u00e9parations et am\u00e9liorations structurelles majeures restent g\u00e9n\u00e9ralement \u00e0 la charge du propri\u00e9taire et ne peuvent \u00eatre r\u00e9percut\u00e9es sur les locataires.<\/p>\n\n\n\n<p>Pour les propri\u00e9t\u00e9s \u00e9quip\u00e9es d&#039;ascenseurs, les locataires du rez-de-chauss\u00e9e peuvent \u00eatre exempt\u00e9s des frais li\u00e9s \u00e0 l&#039;ascenseur puisqu&#039;ils ne b\u00e9n\u00e9ficient pas de ce service<a rel=\"noreferrer noopener\" target=\"_blank\" href=\"https:\/\/logement.public.lu\/fr\/support\/faq\/faq-bail-loyer\/faq-rental-lease.html\"><\/a>Ce principe de facturation uniquement pour les services r\u00e9ellement utilis\u00e9s contribue \u00e0 garantir une r\u00e9partition \u00e9quitable des co\u00fbts entre les locataires.<\/p>\n\n\n\n<h2 class=\"wp-block-heading\"><strong>R\u00e9parations mineures et \u00e9l\u00e9ments d&#039;entretien<\/strong><\/h2>\n\n\n\n<p>Les locataires sont g\u00e9n\u00e9ralement responsables des r\u00e9parations mineures et des \u00e9l\u00e9ments d&#039;entretien r\u00e9sultant d&#039;une utilisation normale ou de dommages mineurs.<a rel=\"noreferrer noopener\" target=\"_blank\" href=\"https:\/\/logement.public.lu\/fr\/support\/faq\/faq-bail-loyer\/faq-rental-lease.html\"><\/a>Il peut s&#039;agir du remplacement des ampoules dans les espaces communs, du remplacement des piles des d\u00e9tecteurs de fum\u00e9e ou de petites r\u00e9parations des luminaires qui ne constituent pas un entretien majeur du b\u00e2timent.<\/p>\n\n\n\n<p>La distinction entre les petites r\u00e9parations (responsabilit\u00e9 du locataire) et les r\u00e9parations majeures (responsabilit\u00e9 du propri\u00e9taire) peut parfois \u00eatre floue. Il est conseill\u00e9 de pr\u00e9ciser dans votre bail ce qui constitue des petites r\u00e9parations et d&#039;\u00e9tablir des limites de co\u00fbts raisonnables afin d&#039;\u00e9viter tout litige.<a rel=\"noreferrer noopener\" target=\"_blank\" href=\"https:\/\/luxtoday.lu\/en\/knowledge\/what-you-need-to-know-about-the-rental\"><\/a>.<\/p>\n\n\n\n<h2 class=\"wp-block-heading\"><strong>Taxes municipales et frais administratifs<\/strong><\/h2>\n\n\n\n<p>Les charges des collectivit\u00e9s locales constituent un autre \u00e9l\u00e9ment de vos d\u00e9penses de logement<a rel=\"noreferrer noopener\" target=\"_blank\" href=\"https:\/\/logement.public.lu\/fr\/support\/faq\/faq-bail-loyer\/faq-rental-lease.html\"><\/a>Ces taxes comprennent les frais de collecte des d\u00e9chets municipaux, les frais de traitement des eaux us\u00e9es et d&#039;autres taxes locales li\u00e9es \u00e0 l&#039;occupation du bien. Si les taxes fonci\u00e8res restent \u00e0 la charge du propri\u00e9taire, les charges municipales li\u00e9es aux services sont g\u00e9n\u00e9ralement r\u00e9percut\u00e9es sur les locataires.<\/p>\n\n\n\n<p>Le ramonage des chemin\u00e9es, le cas \u00e9ch\u00e9ant, et l&#039;entretien des bo\u00eetes aux lettres entrent \u00e9galement dans cette cat\u00e9gorie de co\u00fbts administratifs et r\u00e9glementaires qui profitent directement aux occupants de l&#039;immeuble.<a rel=\"noreferrer noopener\" target=\"_blank\" href=\"https:\/\/logement.public.lu\/fr\/support\/faq\/faq-bail-loyer\/faq-rental-lease.html\"><\/a>.<\/p>\n\n\n\n<h2 class=\"wp-block-heading\"><strong>Modifications l\u00e9gislatives r\u00e9centes affectant les co\u00fbts<\/strong><\/h2>\n\n\n\n<p>Le march\u00e9 locatif luxembourgeois a subi d&#039;importantes r\u00e9formes en ao\u00fbt 2024, introduisant plusieurs changements qui affectent les co\u00fbts des locataires<a rel=\"noreferrer noopener\" target=\"_blank\" href=\"https:\/\/www.engelvoelkers.com\/lu\/en\/resources\/market-updates\/rental-update-08-2024\"><\/a>. Plus particuli\u00e8rement, les frais d&#039;agence immobili\u00e8re doivent d\u00e9sormais \u00eatre r\u00e9partis \u00e0 parts \u00e9gales entre les propri\u00e9taires et les locataires, r\u00e9duisant ainsi les co\u00fbts initiaux pour les nouveaux locataires qui supportaient auparavant la totalit\u00e9 de la commission d&#039;agence.<a rel=\"noreferrer noopener\" target=\"_blank\" href=\"https:\/\/www.engelvoelkers.com\/lu\/en\/resources\/market-updates\/rental-update-08-2024\"><\/a>.<\/p>\n\n\n\n<p>Le d\u00e9p\u00f4t de garantie maximum a \u00e9t\u00e9 r\u00e9duit de trois \u00e0 deux mois de loyer, offrant ainsi un soulagement financier suppl\u00e9mentaire aux locataires.<a rel=\"noreferrer noopener\" target=\"_blank\" href=\"https:\/\/www.engelvoelkers.com\/lu\/en\/resources\/market-updates\/rental-update-08-2024\"><\/a>. La nouvelle r\u00e9glementation \u00e9tablit \u00e9galement des proc\u00e9dures plus claires pour la restitution des d\u00e9p\u00f4ts, les propri\u00e9taires \u00e9tant tenus de rembourser la moiti\u00e9 du d\u00e9p\u00f4t dans un d\u00e9lai d&#039;un mois si aucun dommage important n&#039;est signal\u00e9.<a rel=\"noreferrer noopener\" target=\"_blank\" href=\"https:\/\/logement.public.lu\/fr\/support\/faq\/faq-bail-loyer\/faq-rental-lease.html\"><\/a>.<\/p>\n\n\n\n<p>Tous les contrats de location doivent d\u00e9sormais \u00eatre document\u00e9s par \u00e9crit, \u00e9liminant ainsi la validit\u00e9 juridique des contrats verbaux et offrant une meilleure protection aux deux parties.<a rel=\"noreferrer noopener\" target=\"_blank\" href=\"https:\/\/www.engelvoelkers.com\/lu\/en\/resources\/market-updates\/rental-update-08-2024\"><\/a>Ces contrats \u00e9crits doivent pr\u00e9ciser que le loyer ne doit pas d\u00e9passer 5% du capital investi, en maintenant les mesures de contr\u00f4le des loyers existantes<a rel=\"noreferrer noopener\" target=\"_blank\" href=\"https:\/\/www.engelvoelkers.com\/lu\/en\/resources\/market-updates\/rental-update-08-2024\"><\/a>.<\/p>\n\n\n\n<h2 class=\"wp-block-heading\"><strong>Comprendre les calculs de frais et la facturation<\/strong><\/h2>\n\n\n\n<p>Les frais de service peuvent \u00eatre calcul\u00e9s et factur\u00e9s de diff\u00e9rentes mani\u00e8res, en fonction de votre contrat de location<a rel=\"noreferrer noopener\" target=\"_blank\" href=\"https:\/\/logement.public.lu\/fr\/support\/faq\/faq-bail-loyer\/faq-rental-lease.html\"><\/a>Certains propri\u00e9taires utilisent la facturation au co\u00fbt r\u00e9el, o\u00f9 vous payez en fonction de votre consommation et de vos d\u00e9penses pr\u00e9cises, tandis que d&#039;autres utilisent des syst\u00e8mes \u00e0 taux forfaitaire qui fournissent des co\u00fbts mensuels pr\u00e9visibles.<\/p>\n\n\n\n<p>Des relev\u00e9s annuels doivent \u00eatre fournis aux locataires, indiquant comment les charges ont \u00e9t\u00e9 calcul\u00e9es et quelles d\u00e9penses r\u00e9elles ont \u00e9t\u00e9 engag\u00e9es.<a rel=\"noreferrer noopener\" target=\"_blank\" href=\"https:\/\/logement.public.lu\/fr\/support\/faq\/faq-bail-loyer\/faq-rental-lease.html\"><\/a>Cette exigence de transparence permet de garantir que vous ne payez que pour des d\u00e9penses l\u00e9gitimes et de v\u00e9rifier que les frais correspondent aux co\u00fbts r\u00e9els de construction.<\/p>\n\n\n\n<p>Pour les logements meubl\u00e9s, les propri\u00e9taires peuvent facturer des frais suppl\u00e9mentaires pour l&#039;utilisation des meubles, limit\u00e9s \u00e0 1,5% par mois de la valeur totale de la facture pour les meubles de moins de 10 ans<a rel=\"noreferrer noopener\" target=\"_blank\" href=\"https:\/\/logement.public.lu\/fr\/support\/faq\/faq-bail-loyer\/faq-rental-lease.html\"><\/a>. Cependant, les cuisines \u00e9quip\u00e9es sont consid\u00e9r\u00e9es comme faisant partie de l&#039;infrastructure du b\u00e2timent plut\u00f4t que du mobilier, de sorte que leurs co\u00fbts sont inclus dans le calcul du loyer de base.<\/p>\n\n\n\n<h2 class=\"wp-block-heading\"><strong>Consid\u00e9rations r\u00e9gionales et variations du march\u00e9<\/strong><\/h2>\n\n\n\n<p>Au Luxembourg, les approches en mati\u00e8re de co\u00fbts suppl\u00e9mentaires et de charges varient selon les r\u00e9gions. Dans des communes comme Hesperange, comprendre les pratiques du march\u00e9 local peut vous aider \u00e0 budg\u00e9tiser efficacement et \u00e0 n\u00e9gocier des conditions \u00e9quitables. Notre gamme compl\u00e8te de services&nbsp;<a rel=\"noreferrer noopener\" target=\"_blank\" href=\"https:\/\/zeas.immo\/fr\/tarifs-de-location-de-guide-a-hesperange\/\">guide des co\u00fbts de location \u00e0 Hesperange<\/a>&nbsp;fournit des informations d\u00e9taill\u00e9es sur les structures de prix locales et les fourchettes de d\u00e9penses typiques.<\/p>\n\n\n\n<p>Lors de la pr\u00e9paration d&#039;une demande de location, le fait d&#039;avoir la documentation appropri\u00e9e pr\u00eate peut simplifier le processus et d\u00e9montrer votre compr\u00e9hension des obligations financi\u00e8res.<a rel=\"noreferrer noopener\" target=\"_blank\" href=\"https:\/\/www.athome.lu\/blog\/en\/rent\/tenant\/renting-how-to-prepare-your-application\/\"><\/a>Notre liste de contr\u00f4le d\u00e9taill\u00e9e de&nbsp;<a rel=\"noreferrer noopener\" target=\"_blank\" href=\"https:\/\/zeas.immo\/fr\/documents-de-location-hesperange\/\">documents de location requis \u00e0 Hesperange<\/a>&nbsp;garantit que vous \u00eates pr\u00e9par\u00e9 \u00e0 tous les aspects du processus de location.<\/p>\n\n\n\n<h2 class=\"wp-block-heading\"><strong>Prot\u00e9ger vos int\u00e9r\u00eats<\/strong><\/h2>\n\n\n\n<p>Comprendre vos droits et obligations concernant les frais suppl\u00e9mentaires est essentiel pour entretenir une relation positive entre propri\u00e9taire et locataire. Se familiariser avec&nbsp;<a rel=\"noreferrer noopener\" target=\"_blank\" href=\"https:\/\/zeas.immo\/fr\/contrats-de-location-droits-des-locataires\/\">contrats de location et droits des locataires<\/a>&nbsp;permet de garantir que vous ne payez pas trop cher vos services tout en respectant vos obligations l\u00e9gitimes.<\/p>\n\n\n\n<p>Le syst\u00e8me de d\u00e9p\u00f4t de garantie, d\u00e9sormais limit\u00e9 \u00e0 deux mois de loyer, offre des protections importantes pour les deux parties<a rel=\"noreferrer noopener\" target=\"_blank\" href=\"https:\/\/www.engelvoelkers.com\/lu\/en\/resources\/market-updates\/rental-update-08-2024\"><\/a>Notre guide d\u00e9taill\u00e9 sur&nbsp;<a rel=\"noreferrer noopener\" target=\"_blank\" href=\"https:\/\/zeas.immo\/fr\/depot-de-garantie-locatif-luxembourg\/\">exigences relatives au d\u00e9p\u00f4t de garantie locatif au Luxembourg<\/a>&nbsp;explique comment fonctionnent ces syst\u00e8mes et \u00e0 quoi vous pouvez vous attendre lorsque vous emm\u00e9nagez et d\u00e9m\u00e9nagez dans des propri\u00e9t\u00e9s.<\/p>\n\n\n\n<h2 class=\"wp-block-heading\"><strong>Budg\u00e9tisation des co\u00fbts totaux du logement<\/strong><\/h2>\n\n\n\n<p>Lors de l&#039;\u00e9valuation des propri\u00e9t\u00e9s locatives, il est essentiel de prendre en compte l&#039;ensemble des co\u00fbts au-del\u00e0 du loyer annonc\u00e9.<a rel=\"noreferrer noopener\" target=\"_blank\" href=\"https:\/\/www.luxembourgexpats.lu\/stories\/life-and-style\/a-quick-guide-on-renting-housing-in-luxembourg-\"><\/a>Des frais suppl\u00e9mentaires peuvent augmenter vos d\u00e9penses mensuelles de logement de 15 \u00e0 251 TP3T, selon le type de propri\u00e9t\u00e9 et les services inclus. Tenez compte des charges, des frais d&#039;entretien de l&#039;immeuble et des charges municipales pour d\u00e9terminer votre capacit\u00e9 financi\u00e8re.<\/p>\n\n\n\n<p>Pour les propri\u00e9taires qui envisagent de&nbsp;<a rel=\"noreferrer noopener\" target=\"_blank\" href=\"https:\/\/zeas.immo\/fr\/vendre-en-prive-ou-avec-agent-immobilier-luxembourg\/\">vendre en priv\u00e9 ou travailler avec un agent immobilier<\/a>, comprendre les structures de co\u00fbts des locataires permet de fixer des tarifs de location comp\u00e9titifs et de g\u00e9rer efficacement les d\u00e9penses immobili\u00e8res.<\/p>\n\n\n\n<h2 class=\"wp-block-heading\"><strong>Orientation et soutien professionnels<\/strong><\/h2>\n\n\n\n<p>S&#039;orienter sur le march\u00e9 locatif luxembourgeois exige de comprendre le cadre juridique et les implications pratiques des diff\u00e9rentes structures de co\u00fbts. Chez Zeas.immo, nous aidons nos clients \u00e0 comprendre tous les aspects des contrats de location, du calcul du loyer de base aux modalit\u00e9s complexes des charges.<\/p>\n\n\n\n<p>Que vous soyez locataire souhaitant comprendre ses obligations ou propri\u00e9taire souhaitant structurer des syst\u00e8mes de charges \u00e9quitables et l\u00e9gaux, un accompagnement professionnel garantit le respect de la r\u00e9glementation locative luxembourgeoise en constante \u00e9volution. Notre expertise de la r\u00e9gion d&#039;Hesperange et du march\u00e9 luxembourgeois \u00e9largi aide nos clients \u00e0 prendre des d\u00e9cisions \u00e9clair\u00e9es concernant les co\u00fbts locatifs et les modalit\u00e9s contractuelles.<\/p>\n\n\n\n<p>La complexit\u00e9 des structures de co\u00fbts locatifs au Luxembourg rend les conseils d&#039;un professionnel pr\u00e9cieux, tant pour les locataires que pour les propri\u00e9taires. Comprendre vos droits, vos obligations et le cadre juridique r\u00e9gissant les frais suppl\u00e9mentaires contribue \u00e0 \u00e9tablir des relations locatives fructueuses tout en prot\u00e9geant vos int\u00e9r\u00eats financiers sur le march\u00e9 immobilier dynamique du Luxembourg.<\/p>","protected":false},"excerpt":{"rendered":"<p>Luxembourg&#8217;s rental market presents unique challenges for tenants, particularly when it comes to understanding the complete financial picture of renting a property.Beyond your base monthly rent, various additional expenses can add 15-25% to your housing costs, making comprehensive knowledge of these charges essential for effective budgeting and avoiding unexpected financial surprises. Understanding Your Financial Obligations [&hellip;]<\/p>\n","protected":false},"author":4,"featured_media":0,"comment_status":"open","ping_status":"open","sticky":false,"template":"","format":"standard","meta":{"footnotes":""},"categories":[263],"tags":[],"class_list":["post-29507","post","type-post","status-publish","format-standard","hentry","category-rental_guide"],"_links":{"self":[{"href":"https:\/\/zeas.immo\/fr\/wp-json\/wp\/v2\/posts\/29507","targetHints":{"allow":["GET"]}}],"collection":[{"href":"https:\/\/zeas.immo\/fr\/wp-json\/wp\/v2\/posts"}],"about":[{"href":"https:\/\/zeas.immo\/fr\/wp-json\/wp\/v2\/types\/post"}],"author":[{"embeddable":true,"href":"https:\/\/zeas.immo\/fr\/wp-json\/wp\/v2\/users\/4"}],"replies":[{"embeddable":true,"href":"https:\/\/zeas.immo\/fr\/wp-json\/wp\/v2\/comments?post=29507"}],"version-history":[{"count":0,"href":"https:\/\/zeas.immo\/fr\/wp-json\/wp\/v2\/posts\/29507\/revisions"}],"wp:attachment":[{"href":"https:\/\/zeas.immo\/fr\/wp-json\/wp\/v2\/media?parent=29507"}],"wp:term":[{"taxonomy":"category","embeddable":true,"href":"https:\/\/zeas.immo\/fr\/wp-json\/wp\/v2\/categories?post=29507"},{"taxonomy":"post_tag","embeddable":true,"href":"https:\/\/zeas.immo\/fr\/wp-json\/wp\/v2\/tags?post=29507"}],"curies":[{"name":"wp","href":"https:\/\/api.w.org\/{rel}","templated":true}]}}